{"id":1039,"date":"2019-03-27T13:52:24","date_gmt":"2019-03-27T12:52:24","guid":{"rendered":"http:\/\/www.obec-jenikov.cz\/?p=1039"},"modified":"2019-03-27T13:50:49","modified_gmt":"2019-03-27T12:50:49","slug":"na-strese-afriky-prednaska-s-pavlem-malkem","status":"publish","type":"post","link":"https:\/\/www.obecjenikov.cz\/?p=1039","title":{"rendered":"NA ST\u0158E\u0160E AFRIKY &#8211; P\u0159edn\u00e1\u0161ka s Pavlem M\u00e1lkem"},"content":{"rendered":"\n<p>6. dubna 2019 \u2013 17:00 v zasedac\u00edm s\u00e1le OU Jen\u00edkov<\/p>\n\n\n\n<p>Kilimanjaro je nejvy\u0161\u0161\u00ed horou Afriky, na jej\u00ed\u017e vrchol vede jeden z nejkr\u00e1sn\u011bj\u0161\u00edch trek\u016f sv\u011bta. Krom\u011b hlavn\u00edho vrcholu nav\u0161t\u00edv\u00edme i sope\u010dn\u00e9 Mount Meru, ru\u0161n\u00fd africk\u00fd trh a safari v n\u00e1rodn\u00edm parku Tarangire. <\/p>\n\n\n\n<div class=\"wp-block-file\"><a href=\"http:\/\/www.obec-jenikov.cz\/wp-content\/uploads\/2019\/03\/Kilimanjaro.pdf\">Kilimanjaro<\/a><a href=\"http:\/\/www.obec-jenikov.cz\/wp-content\/uploads\/2019\/03\/Kilimanjaro.pdf\" class=\"wp-block-file__button\" download>St\u00e1hnout<\/a><\/div>\n\n\n\n<figure class=\"wp-block-image\"><img loading=\"lazy\" decoding=\"async\" width=\"624\" height=\"880\" data-attachment-id=\"1041\" data-permalink=\"https:\/\/www.obecjenikov.cz\/?attachment_id=1041\" data-orig-file=\"https:\/\/www.obecjenikov.cz\/wp-content\/uploads\/2019\/03\/Kilimanjaro.jpg\" data-orig-size=\"624,880\" data-comments-opened=\"0\" data-image-meta=\"{&quot;aperture&quot;:&quot;0&quot;,&quot;credit&quot;:&quot;&quot;,&quot;camera&quot;:&quot;&quot;,&quot;caption&quot;:&quot;&quot;,&quot;created_timestamp&quot;:&quot;0&quot;,&quot;copyright&quot;:&quot;&quot;,&quot;focal_length&quot;:&quot;0&quot;,&quot;iso&quot;:&quot;0&quot;,&quot;shutter_speed&quot;:&quot;0&quot;,&quot;title&quot;:&quot;&quot;,&quot;orientation&quot;:&quot;0&quot;}\" data-image-title=\"Kilimanjaro\" data-image-description=\"\" data-image-caption=\"\" data-medium-file=\"https:\/\/www.obecjenikov.cz\/wp-content\/uploads\/2019\/03\/Kilimanjaro-106x150.jpg\" data-large-file=\"https:\/\/www.obecjenikov.cz\/wp-content\/uploads\/2019\/03\/Kilimanjaro.jpg\" src=\"http:\/\/www.obec-jenikov.cz\/wp-content\/uploads\/2019\/03\/Kilimanjaro.jpg\" alt=\"\" class=\"wp-image-1041\" srcset=\"https:\/\/www.obecjenikov.cz\/wp-content\/uploads\/2019\/03\/Kilimanjaro.jpg 624w, https:\/\/www.obecjenikov.cz\/wp-content\/uploads\/2019\/03\/Kilimanjaro-106x150.jpg 106w\" sizes=\"auto, (max-width: 624px) 100vw, 624px\" \/><\/figure>\n","protected":false},"excerpt":{"rendered":"<p>6. dubna 2019 \u2013 17:00 v zasedac\u00edm s\u00e1le OU Jen\u00edkov Kilimanjaro je nejvy\u0161\u0161\u00ed horou Afriky, na jej\u00ed\u017e vrchol vede jeden z nejkr\u00e1sn\u011bj\u0161\u00edch trek\u016f sv\u011bta. Krom\u011b hlavn\u00edho vrcholu nav\u0161t\u00edv\u00edme i sope\u010dn\u00e9&#8230;<\/p>\n","protected":false},"author":2,"featured_media":0,"comment_status":"closed","ping_status":"closed","sticky":false,"template":"","format":"standard","meta":{"jetpack_post_was_ever_published":false,"_jetpack_newsletter_access":"","_jetpack_dont_email_post_to_subs":false,"_jetpack_newsletter_tier_id":0,"_jetpack_memberships_contains_paywalled_content":false,"_jetpack_memberships_contains_paid_content":false,"footnotes":"","jetpack_publicize_message":"","jetpack_publicize_feature_enabled":true,"jetpack_social_post_already_shared":true,"jetpack_social_options":{"image_generator_settings":{"template":"highway","default_image_id":0,"enabled":false},"version":2}},"categories":[4],"tags":[],"class_list":["post-1039","post","type-post","status-publish","format-standard","hentry","category-aktualne","entry"],"jetpack_publicize_connections":[],"jetpack_featured_media_url":"","jetpack_sharing_enabled":true,"jetpack_shortlink":"https:\/\/wp.me\/paBo8P-gL","jetpack-related-posts":[],"post_mailing_queue_ids":[],"_links":{"self":[{"href":"https:\/\/www.obecjenikov.cz\/index.php?rest_route=\/wp\/v2\/posts\/1039","targetHints":{"allow":["GET"]}}],"collection":[{"href":"https:\/\/www.obecjenikov.cz\/index.php?rest_route=\/wp\/v2\/posts"}],"about":[{"href":"https:\/\/www.obecjenikov.cz\/index.php?rest_route=\/wp\/v2\/types\/post"}],"author":[{"embeddable":true,"href":"https:\/\/www.obecjenikov.cz\/index.php?rest_route=\/wp\/v2\/users\/2"}],"replies":[{"embeddable":true,"href":"https:\/\/www.obecjenikov.cz\/index.php?rest_route=%2Fwp%2Fv2%2Fcomments&post=1039"}],"version-history":[{"count":1,"href":"https:\/\/www.obecjenikov.cz\/index.php?rest_route=\/wp\/v2\/posts\/1039\/revisions"}],"predecessor-version":[{"id":1042,"href":"https:\/\/www.obecjenikov.cz\/index.php?rest_route=\/wp\/v2\/posts\/1039\/revisions\/1042"}],"wp:attachment":[{"href":"https:\/\/www.obecjenikov.cz\/index.php?rest_route=%2Fwp%2Fv2%2Fmedia&parent=1039"}],"wp:term":[{"taxonomy":"category","embeddable":true,"href":"https:\/\/www.obecjenikov.cz\/index.php?rest_route=%2Fwp%2Fv2%2Fcategories&post=1039"},{"taxonomy":"post_tag","embeddable":true,"href":"https:\/\/www.obecjenikov.cz\/index.php?rest_route=%2Fwp%2Fv2%2Ftags&post=1039"}],"curies":[{"name":"wp","href":"https:\/\/api.w.org\/{rel}","templated":true}]}}