{"id":1087,"date":"2019-03-27T13:49:52","date_gmt":"2019-03-27T12:49:52","guid":{"rendered":"http:\/\/www.obec-jenikov.cz\/?p=1087"},"modified":"2019-03-27T13:49:54","modified_gmt":"2019-03-27T12:49:54","slug":"den-krasy","status":"publish","type":"post","link":"https:\/\/www.obecjenikov.cz\/?p=1087","title":{"rendered":"DEN KR\u00c1SY"},"content":{"rendered":"\n<p>Dne 6.4.2019 ve 14:00 bude v 1. pat\u0159e O\u00da Jen\u00edkov prob\u00edhat DEN KR\u00c1SY S Mary Kay.<\/p>\n\n\n\n<p>Slu\u017eby ZDARMA na t\u00e9to akci nab\u00edz\u00ed Ren\u00e1ta \u010cern\u00e1 (Salon kr\u00e1sy Ren\u00e1ta Hlinsko).<\/p>\n\n\n\n<p>Po skon\u010den\u00ed akce bude mo\u017en\u00e9\u00a0 zakoupit kosmetick\u00e9 produkty. <\/p>\n\n\n\n<figure class=\"wp-block-image\"><img loading=\"lazy\" decoding=\"async\" width=\"868\" height=\"1244\" data-attachment-id=\"1088\" data-permalink=\"https:\/\/www.obecjenikov.cz\/?attachment_id=1088\" data-orig-file=\"https:\/\/www.obecjenikov.cz\/wp-content\/uploads\/2019\/03\/Den-kr\u00e1sy.jpg\" data-orig-size=\"868,1244\" data-comments-opened=\"0\" data-image-meta=\"{&quot;aperture&quot;:&quot;0&quot;,&quot;credit&quot;:&quot;&quot;,&quot;camera&quot;:&quot;&quot;,&quot;caption&quot;:&quot;&quot;,&quot;created_timestamp&quot;:&quot;0&quot;,&quot;copyright&quot;:&quot;&quot;,&quot;focal_length&quot;:&quot;0&quot;,&quot;iso&quot;:&quot;0&quot;,&quot;shutter_speed&quot;:&quot;0&quot;,&quot;title&quot;:&quot;&quot;,&quot;orientation&quot;:&quot;0&quot;}\" data-image-title=\"Den kr\u00e1sy\" data-image-description=\"\" data-image-caption=\"\" data-medium-file=\"https:\/\/www.obecjenikov.cz\/wp-content\/uploads\/2019\/03\/Den-kr\u00e1sy-105x150.jpg\" data-large-file=\"https:\/\/www.obecjenikov.cz\/wp-content\/uploads\/2019\/03\/Den-kr\u00e1sy-714x1024.jpg\" src=\"https:\/\/i1.wp.com\/www.obec-jenikov.cz\/wp-content\/uploads\/2019\/03\/Den-kr\u00e1sy.jpg?fit=714%2C1024\" alt=\"\" class=\"wp-image-1088\" srcset=\"https:\/\/www.obecjenikov.cz\/wp-content\/uploads\/2019\/03\/Den-kr\u00e1sy.jpg 868w, https:\/\/www.obecjenikov.cz\/wp-content\/uploads\/2019\/03\/Den-kr\u00e1sy-105x150.jpg 105w, https:\/\/www.obecjenikov.cz\/wp-content\/uploads\/2019\/03\/Den-kr\u00e1sy-768x1101.jpg 768w, https:\/\/www.obecjenikov.cz\/wp-content\/uploads\/2019\/03\/Den-kr\u00e1sy-714x1024.jpg 714w, https:\/\/www.obecjenikov.cz\/wp-content\/uploads\/2019\/03\/Den-kr\u00e1sy-640x917.jpg 640w\" sizes=\"auto, (max-width: 868px) 100vw, 868px\" \/><\/figure>\n","protected":false},"excerpt":{"rendered":"<p>Dne 6.4.2019 ve 14:00 bude v 1. pat\u0159e O\u00da Jen\u00edkov prob\u00edhat DEN KR\u00c1SY S Mary Kay. Slu\u017eby ZDARMA na t\u00e9to akci nab\u00edz\u00ed Ren\u00e1ta \u010cern\u00e1 (Salon kr\u00e1sy Ren\u00e1ta Hlinsko). Po skon\u010den\u00ed&#8230;<\/p>\n","protected":false},"author":2,"featured_media":0,"comment_status":"closed","ping_status":"closed","sticky":false,"template":"","format":"standard","meta":{"jetpack_post_was_ever_published":false,"_jetpack_newsletter_access":"","_jetpack_dont_email_post_to_subs":false,"_jetpack_newsletter_tier_id":0,"_jetpack_memberships_contains_paywalled_content":false,"_jetpack_memberships_contains_paid_content":false,"footnotes":"","jetpack_publicize_message":"","jetpack_publicize_feature_enabled":true,"jetpack_social_post_already_shared":true,"jetpack_social_options":{"image_generator_settings":{"template":"highway","default_image_id":0,"enabled":false},"version":2}},"categories":[4],"tags":[],"class_list":["post-1087","post","type-post","status-publish","format-standard","hentry","category-aktualne","entry"],"jetpack_publicize_connections":[],"jetpack_featured_media_url":"","jetpack_sharing_enabled":true,"jetpack_shortlink":"https:\/\/wp.me\/paBo8P-hx","jetpack-related-posts":[],"post_mailing_queue_ids":[],"_links":{"self":[{"href":"https:\/\/www.obecjenikov.cz\/index.php?rest_route=\/wp\/v2\/posts\/1087","targetHints":{"allow":["GET"]}}],"collection":[{"href":"https:\/\/www.obecjenikov.cz\/index.php?rest_route=\/wp\/v2\/posts"}],"about":[{"href":"https:\/\/www.obecjenikov.cz\/index.php?rest_route=\/wp\/v2\/types\/post"}],"author":[{"embeddable":true,"href":"https:\/\/www.obecjenikov.cz\/index.php?rest_route=\/wp\/v2\/users\/2"}],"replies":[{"embeddable":true,"href":"https:\/\/www.obecjenikov.cz\/index.php?rest_route=%2Fwp%2Fv2%2Fcomments&post=1087"}],"version-history":[{"count":1,"href":"https:\/\/www.obecjenikov.cz\/index.php?rest_route=\/wp\/v2\/posts\/1087\/revisions"}],"predecessor-version":[{"id":1089,"href":"https:\/\/www.obecjenikov.cz\/index.php?rest_route=\/wp\/v2\/posts\/1087\/revisions\/1089"}],"wp:attachment":[{"href":"https:\/\/www.obecjenikov.cz\/index.php?rest_route=%2Fwp%2Fv2%2Fmedia&parent=1087"}],"wp:term":[{"taxonomy":"category","embeddable":true,"href":"https:\/\/www.obecjenikov.cz\/index.php?rest_route=%2Fwp%2Fv2%2Fcategories&post=1087"},{"taxonomy":"post_tag","embeddable":true,"href":"https:\/\/www.obecjenikov.cz\/index.php?rest_route=%2Fwp%2Fv2%2Ftags&post=1087"}],"curies":[{"name":"wp","href":"https:\/\/api.w.org\/{rel}","templated":true}]}}