{"id":1228,"date":"2019-05-22T11:09:54","date_gmt":"2019-05-22T10:09:54","guid":{"rendered":"http:\/\/www.obec-jenikov.cz\/?p=1228"},"modified":"2019-05-22T11:10:00","modified_gmt":"2019-05-22T10:10:00","slug":"memorial-josefa-zavrela","status":"publish","type":"post","link":"https:\/\/www.obecjenikov.cz\/?p=1228","title":{"rendered":"MEMORI\u00c1L JOSEFA ZAV\u0158ELA"},"content":{"rendered":"\n<p>Sbor dobrovoln\u00fdch hasi\u010d\u016f Jen\u00edkov si V\u00e1s dovoluje pozvat na 12.ro\u010dn\u00edk hasi\u010dsk\u00e9 sout\u011b\u017ee v po\u017e\u00e1rn\u00edm \u00fatoku <strong>MEMORI\u00c1L JOSEFA ZAV\u0158ELA<\/strong>, <\/p>\n\n\n\n<p>kter\u00fd se kon\u00e1 v sobotu 8. 6. 2019  na louce pod h\u0159bitovem v Jen\u00edkov\u011b. <\/p>\n\n\n\n<div class=\"wp-block-file\"><a href=\"http:\/\/www.obec-jenikov.cz\/wp-content\/uploads\/2019\/05\/pozv\u00e1nka-sout\u011b\u017e.pdf\">pozv\u00e1nka-sout\u011b\u017e<\/a><a href=\"http:\/\/www.obec-jenikov.cz\/wp-content\/uploads\/2019\/05\/pozv\u00e1nka-sout\u011b\u017e.pdf\" class=\"wp-block-file__button\" download>St\u00e1hnout<\/a><\/div>\n","protected":false},"excerpt":{"rendered":"<p>Sbor dobrovoln\u00fdch hasi\u010d\u016f Jen\u00edkov si V\u00e1s dovoluje pozvat na 12.ro\u010dn\u00edk hasi\u010dsk\u00e9 sout\u011b\u017ee v po\u017e\u00e1rn\u00edm \u00fatoku MEMORI\u00c1L JOSEFA ZAV\u0158ELA, kter\u00fd se kon\u00e1 v sobotu 8. 6. 2019 na louce pod h\u0159bitovem&#8230;<\/p>\n","protected":false},"author":2,"featured_media":0,"comment_status":"closed","ping_status":"closed","sticky":false,"template":"","format":"standard","meta":{"jetpack_post_was_ever_published":false,"_jetpack_newsletter_access":"","_jetpack_dont_email_post_to_subs":false,"_jetpack_newsletter_tier_id":0,"_jetpack_memberships_contains_paywalled_content":false,"_jetpack_memberships_contains_paid_content":false,"footnotes":"","jetpack_publicize_message":"","jetpack_publicize_feature_enabled":true,"jetpack_social_post_already_shared":true,"jetpack_social_options":{"image_generator_settings":{"template":"highway","default_image_id":0,"enabled":false},"version":2}},"categories":[4],"tags":[],"class_list":["post-1228","post","type-post","status-publish","format-standard","hentry","category-aktualne","entry"],"jetpack_publicize_connections":[],"jetpack_featured_media_url":"","jetpack_sharing_enabled":true,"jetpack_shortlink":"https:\/\/wp.me\/paBo8P-jO","jetpack-related-posts":[],"post_mailing_queue_ids":[],"_links":{"self":[{"href":"https:\/\/www.obecjenikov.cz\/index.php?rest_route=\/wp\/v2\/posts\/1228","targetHints":{"allow":["GET"]}}],"collection":[{"href":"https:\/\/www.obecjenikov.cz\/index.php?rest_route=\/wp\/v2\/posts"}],"about":[{"href":"https:\/\/www.obecjenikov.cz\/index.php?rest_route=\/wp\/v2\/types\/post"}],"author":[{"embeddable":true,"href":"https:\/\/www.obecjenikov.cz\/index.php?rest_route=\/wp\/v2\/users\/2"}],"replies":[{"embeddable":true,"href":"https:\/\/www.obecjenikov.cz\/index.php?rest_route=%2Fwp%2Fv2%2Fcomments&post=1228"}],"version-history":[{"count":1,"href":"https:\/\/www.obecjenikov.cz\/index.php?rest_route=\/wp\/v2\/posts\/1228\/revisions"}],"predecessor-version":[{"id":1230,"href":"https:\/\/www.obecjenikov.cz\/index.php?rest_route=\/wp\/v2\/posts\/1228\/revisions\/1230"}],"wp:attachment":[{"href":"https:\/\/www.obecjenikov.cz\/index.php?rest_route=%2Fwp%2Fv2%2Fmedia&parent=1228"}],"wp:term":[{"taxonomy":"category","embeddable":true,"href":"https:\/\/www.obecjenikov.cz\/index.php?rest_route=%2Fwp%2Fv2%2Fcategories&post=1228"},{"taxonomy":"post_tag","embeddable":true,"href":"https:\/\/www.obecjenikov.cz\/index.php?rest_route=%2Fwp%2Fv2%2Ftags&post=1228"}],"curies":[{"name":"wp","href":"https:\/\/api.w.org\/{rel}","templated":true}]}}