{"id":1268,"date":"2019-05-30T10:04:08","date_gmt":"2019-05-30T09:04:08","guid":{"rendered":"http:\/\/www.obec-jenikov.cz\/?p=1268"},"modified":"2019-05-30T10:04:10","modified_gmt":"2019-05-30T09:04:10","slug":"beh-pres-volakuv-kopec","status":"publish","type":"post","link":"https:\/\/www.obecjenikov.cz\/?p=1268","title":{"rendered":"B\u011bh p\u0159es Vol\u00e1k\u016fv kopec"},"content":{"rendered":"\n<p>Team ly\u017ea\u0159\u016f a obec Kameni\u010dky\nv\u00e1s zvou\nna 3. ro\u010dn\u00edk z\u00e1vodu\n\u201eB\u011bh p\u0159es Vol\u00e1k\u016fv kopec\u201c\nKter\u00fd se bude konat 9.6. 2019 od 14.00.\nPrezentace a p\u0159ihl\u00e1\u0161en\u00ed na m\u00edst\u011b je mo\u017en\u00e9 od\n12.45 do 13.45 hodin.<\/p>\n\n\n\n<div class=\"wp-block-file\"><a href=\"http:\/\/www.obec-jenikov.cz\/wp-content\/uploads\/2019\/05\/plakat-2019-B\u011bh-Vol\u00e1k\u016fv-kopec.pdf\">plakat-2019-B\u011bh-Vol\u00e1k\u016fv-kopec<\/a><a href=\"http:\/\/www.obec-jenikov.cz\/wp-content\/uploads\/2019\/05\/plakat-2019-B\u011bh-Vol\u00e1k\u016fv-kopec.pdf\" class=\"wp-block-file__button\" download>St\u00e1hnout<\/a><\/div>\n\n\n\n<div class=\"wp-block-file\"><a href=\"http:\/\/www.obec-jenikov.cz\/wp-content\/uploads\/2019\/05\/PROPOZICE-B\u011aH-P\u0158ES-VOL\u00c1K\u016eV-KOPEC-2019.pdf\">PROPOZICE-B\u011aH-P\u0158ES-VOL\u00c1K\u016eV-KOPEC-2019<\/a><a href=\"http:\/\/www.obec-jenikov.cz\/wp-content\/uploads\/2019\/05\/PROPOZICE-B\u011aH-P\u0158ES-VOL\u00c1K\u016eV-KOPEC-2019.pdf\" class=\"wp-block-file__button\" download>St\u00e1hnout<\/a><\/div>\n\n\n\n<p><\/p>\n","protected":false},"excerpt":{"rendered":"<p>Team ly\u017ea\u0159\u016f a obec Kameni\u010dky v\u00e1s zvou na 3. ro\u010dn\u00edk z\u00e1vodu \u201eB\u011bh p\u0159es Vol\u00e1k\u016fv kopec\u201c Kter\u00fd se bude konat 9.6. 2019 od 14.00. Prezentace a p\u0159ihl\u00e1\u0161en\u00ed na m\u00edst\u011b je mo\u017en\u00e9&#8230;<\/p>\n","protected":false},"author":2,"featured_media":0,"comment_status":"closed","ping_status":"closed","sticky":false,"template":"","format":"standard","meta":{"jetpack_post_was_ever_published":false,"_jetpack_newsletter_access":"","_jetpack_dont_email_post_to_subs":false,"_jetpack_newsletter_tier_id":0,"_jetpack_memberships_contains_paywalled_content":false,"_jetpack_memberships_contains_paid_content":false,"footnotes":"","jetpack_publicize_message":"","jetpack_publicize_feature_enabled":true,"jetpack_social_post_already_shared":true,"jetpack_social_options":{"image_generator_settings":{"template":"highway","default_image_id":0,"enabled":false},"version":2}},"categories":[4],"tags":[],"class_list":["post-1268","post","type-post","status-publish","format-standard","hentry","category-aktualne","entry"],"jetpack_publicize_connections":[],"jetpack_featured_media_url":"","jetpack_sharing_enabled":true,"jetpack_shortlink":"https:\/\/wp.me\/paBo8P-ks","jetpack-related-posts":[],"post_mailing_queue_ids":[],"_links":{"self":[{"href":"https:\/\/www.obecjenikov.cz\/index.php?rest_route=\/wp\/v2\/posts\/1268","targetHints":{"allow":["GET"]}}],"collection":[{"href":"https:\/\/www.obecjenikov.cz\/index.php?rest_route=\/wp\/v2\/posts"}],"about":[{"href":"https:\/\/www.obecjenikov.cz\/index.php?rest_route=\/wp\/v2\/types\/post"}],"author":[{"embeddable":true,"href":"https:\/\/www.obecjenikov.cz\/index.php?rest_route=\/wp\/v2\/users\/2"}],"replies":[{"embeddable":true,"href":"https:\/\/www.obecjenikov.cz\/index.php?rest_route=%2Fwp%2Fv2%2Fcomments&post=1268"}],"version-history":[{"count":1,"href":"https:\/\/www.obecjenikov.cz\/index.php?rest_route=\/wp\/v2\/posts\/1268\/revisions"}],"predecessor-version":[{"id":1271,"href":"https:\/\/www.obecjenikov.cz\/index.php?rest_route=\/wp\/v2\/posts\/1268\/revisions\/1271"}],"wp:attachment":[{"href":"https:\/\/www.obecjenikov.cz\/index.php?rest_route=%2Fwp%2Fv2%2Fmedia&parent=1268"}],"wp:term":[{"taxonomy":"category","embeddable":true,"href":"https:\/\/www.obecjenikov.cz\/index.php?rest_route=%2Fwp%2Fv2%2Fcategories&post=1268"},{"taxonomy":"post_tag","embeddable":true,"href":"https:\/\/www.obecjenikov.cz\/index.php?rest_route=%2Fwp%2Fv2%2Ftags&post=1268"}],"curies":[{"name":"wp","href":"https:\/\/api.w.org\/{rel}","templated":true}]}}