{"id":1279,"date":"2019-06-04T06:16:47","date_gmt":"2019-06-04T05:16:47","guid":{"rendered":"http:\/\/www.obec-jenikov.cz\/?p=1279"},"modified":"2019-06-04T06:16:53","modified_gmt":"2019-06-04T05:16:53","slug":"pohadkova-cesta-kladno","status":"publish","type":"post","link":"https:\/\/www.obecjenikov.cz\/?p=1279","title":{"rendered":"Poh\u00e1dkov\u00e1 cesta Kladno"},"content":{"rendered":"\n<p>v sobotu 22. \u010dervna od 14h na h\u0159i\u0161ti v Kladn\u011b<\/p>\n\n\n\n<div class=\"wp-block-file\"><a href=\"http:\/\/www.obec-jenikov.cz\/wp-content\/uploads\/2019\/06\/poh\u00e1dkov\u00e1-cesta-Kladno.jpg\">poh\u00e1dkov\u00e1-cesta-Kladno<\/a><a href=\"http:\/\/www.obec-jenikov.cz\/wp-content\/uploads\/2019\/06\/poh\u00e1dkov\u00e1-cesta-Kladno.jpg\" class=\"wp-block-file__button\" download>St\u00e1hnout<\/a><\/div>\n","protected":false},"excerpt":{"rendered":"<p>v sobotu 22. \u010dervna od 14h na h\u0159i\u0161ti v Kladn\u011b<\/p>\n","protected":false},"author":2,"featured_media":0,"comment_status":"closed","ping_status":"closed","sticky":false,"template":"","format":"standard","meta":{"jetpack_post_was_ever_published":false,"_jetpack_newsletter_access":"","_jetpack_dont_email_post_to_subs":false,"_jetpack_newsletter_tier_id":0,"_jetpack_memberships_contains_paywalled_content":false,"_jetpack_memberships_contains_paid_content":false,"footnotes":"","jetpack_publicize_message":"","jetpack_publicize_feature_enabled":true,"jetpack_social_post_already_shared":true,"jetpack_social_options":{"image_generator_settings":{"template":"highway","default_image_id":0,"enabled":false},"version":2}},"categories":[4],"tags":[],"class_list":["post-1279","post","type-post","status-publish","format-standard","hentry","category-aktualne","entry"],"jetpack_publicize_connections":[],"jetpack_featured_media_url":"","jetpack_sharing_enabled":true,"jetpack_shortlink":"https:\/\/wp.me\/paBo8P-kD","jetpack-related-posts":[],"post_mailing_queue_ids":[],"_links":{"self":[{"href":"https:\/\/www.obecjenikov.cz\/index.php?rest_route=\/wp\/v2\/posts\/1279","targetHints":{"allow":["GET"]}}],"collection":[{"href":"https:\/\/www.obecjenikov.cz\/index.php?rest_route=\/wp\/v2\/posts"}],"about":[{"href":"https:\/\/www.obecjenikov.cz\/index.php?rest_route=\/wp\/v2\/types\/post"}],"author":[{"embeddable":true,"href":"https:\/\/www.obecjenikov.cz\/index.php?rest_route=\/wp\/v2\/users\/2"}],"replies":[{"embeddable":true,"href":"https:\/\/www.obecjenikov.cz\/index.php?rest_route=%2Fwp%2Fv2%2Fcomments&post=1279"}],"version-history":[{"count":1,"href":"https:\/\/www.obecjenikov.cz\/index.php?rest_route=\/wp\/v2\/posts\/1279\/revisions"}],"predecessor-version":[{"id":1281,"href":"https:\/\/www.obecjenikov.cz\/index.php?rest_route=\/wp\/v2\/posts\/1279\/revisions\/1281"}],"wp:attachment":[{"href":"https:\/\/www.obecjenikov.cz\/index.php?rest_route=%2Fwp%2Fv2%2Fmedia&parent=1279"}],"wp:term":[{"taxonomy":"category","embeddable":true,"href":"https:\/\/www.obecjenikov.cz\/index.php?rest_route=%2Fwp%2Fv2%2Fcategories&post=1279"},{"taxonomy":"post_tag","embeddable":true,"href":"https:\/\/www.obecjenikov.cz\/index.php?rest_route=%2Fwp%2Fv2%2Ftags&post=1279"}],"curies":[{"name":"wp","href":"https:\/\/api.w.org\/{rel}","templated":true}]}}