{"id":599,"date":"2018-01-22T10:43:27","date_gmt":"2018-01-22T10:43:27","guid":{"rendered":"http:\/\/www.obec-jenikov.cz\/?p=599"},"modified":"2018-03-06T20:28:24","modified_gmt":"2018-03-06T18:28:24","slug":"informace-o-miste-konani-ii-kola-prezidenskych-voleb-v-obci-jenikov","status":"publish","type":"post","link":"https:\/\/www.obecjenikov.cz\/?p=599","title":{"rendered":"Informace o m\u00edst\u011b kon\u00e1n\u00ed II. kola prezidensk\u00fdch voleb v obci Jen\u00edkov"},"content":{"rendered":"<div class=\"postie-attachments\"><a href=\"http:\/\/www.obec-jenikov.cz\/wp-content\/uploads\/2018\/03\/Info-o-kon\u00e1n\u00ed-prez.-voleb-II.-kolo.pdf\"><img src='http:\/\/www.obec-jenikov.cz\/wp-content\/plugins\/postie\/icons\/silver\/pdf-32.png' alt='pdf icon' \/> Info-o-kon\u00e1n\u00ed-prez.-voleb-II.-kolo.pdf<\/a>\n<\/div>\n<p>Informace o m\u00edst\u011b kon\u00e1n\u00ed II. kola prezidentsk\u00fdch voleb v obci Jen\u00edkov<\/p>\n","protected":false},"excerpt":{"rendered":"<p>Info-o-kon\u00e1n\u00ed-prez.-voleb-II.-kolo.pdf Informace o m\u00edst\u011b kon\u00e1n\u00ed II. kola prezidentsk\u00fdch voleb v obci Jen\u00edkov<\/p>\n","protected":false},"author":2,"featured_media":0,"comment_status":"closed","ping_status":"closed","sticky":false,"template":"","format":"standard","meta":{"jetpack_post_was_ever_published":false,"_jetpack_newsletter_access":"","_jetpack_dont_email_post_to_subs":false,"_jetpack_newsletter_tier_id":0,"_jetpack_memberships_contains_paywalled_content":false,"_jetpack_memberships_contains_paid_content":false,"footnotes":"","jetpack_publicize_message":"","jetpack_publicize_feature_enabled":true,"jetpack_social_post_already_shared":false,"jetpack_social_options":{"image_generator_settings":{"template":"highway","default_image_id":0,"enabled":false},"version":2}},"categories":[4],"tags":[],"class_list":["post-599","post","type-post","status-publish","format-standard","hentry","category-aktualne","entry"],"jetpack_publicize_connections":[],"jetpack_featured_media_url":"","jetpack_sharing_enabled":true,"jetpack_shortlink":"https:\/\/wp.me\/paBo8P-9F","jetpack-related-posts":[],"post_mailing_queue_ids":[],"_links":{"self":[{"href":"https:\/\/www.obecjenikov.cz\/index.php?rest_route=\/wp\/v2\/posts\/599","targetHints":{"allow":["GET"]}}],"collection":[{"href":"https:\/\/www.obecjenikov.cz\/index.php?rest_route=\/wp\/v2\/posts"}],"about":[{"href":"https:\/\/www.obecjenikov.cz\/index.php?rest_route=\/wp\/v2\/types\/post"}],"author":[{"embeddable":true,"href":"https:\/\/www.obecjenikov.cz\/index.php?rest_route=\/wp\/v2\/users\/2"}],"replies":[{"embeddable":true,"href":"https:\/\/www.obecjenikov.cz\/index.php?rest_route=%2Fwp%2Fv2%2Fcomments&post=599"}],"version-history":[{"count":0,"href":"https:\/\/www.obecjenikov.cz\/index.php?rest_route=\/wp\/v2\/posts\/599\/revisions"}],"wp:attachment":[{"href":"https:\/\/www.obecjenikov.cz\/index.php?rest_route=%2Fwp%2Fv2%2Fmedia&parent=599"}],"wp:term":[{"taxonomy":"category","embeddable":true,"href":"https:\/\/www.obecjenikov.cz\/index.php?rest_route=%2Fwp%2Fv2%2Fcategories&post=599"},{"taxonomy":"post_tag","embeddable":true,"href":"https:\/\/www.obecjenikov.cz\/index.php?rest_route=%2Fwp%2Fv2%2Ftags&post=599"}],"curies":[{"name":"wp","href":"https:\/\/api.w.org\/{rel}","templated":true}]}}