{"id":668,"date":"2018-08-27T10:34:33","date_gmt":"2018-08-27T10:34:33","guid":{"rendered":"http:\/\/www.obec-jenikov.cz\/?p=668"},"modified":"2018-08-27T12:55:15","modified_gmt":"2018-08-27T10:55:15","slug":"oznameni-zamer-obce-jenikov-schvalit-smlouvu-o-pronajmu-prostor-slouzicich-k-podnikani-mezi-obci-jenikov-a-sh-cms-sdh-jenikov-kulturniho-domu-c-p-117-v-jenikove","status":"publish","type":"post","link":"https:\/\/www.obecjenikov.cz\/?p=668","title":{"rendered":"Ozn\u00e1men\u00ed &#8211; Z\u00e1m\u011br obce Jen\u00edkov schv\u00e1lit &#8222;Smlouvu o pron\u00e1jmu prostor slou\u017e\u00edc\u00edch k podnik\u00e1n\u00ed mezi Obc\u00ed Jen\u00edkov a SH \u010cMS &#8211; SDH Jen\u00edkov&#8220;- kulturn\u00edho domu \u010d.p. 117 v Jen\u00edkov\u011b"},"content":{"rendered":"<div class=\"postie-attachments\"><a href=\"http:\/\/www.obec-jenikov.cz\/wp-content\/uploads\/2018\/08\/20180827121810987.pdf\"><img src='http:\/\/www.obec-jenikov.cz\/wp-content\/plugins\/postie\/icons\/silver\/pdf-32.png' alt='pdf icon' \/> 20180827121810987.pdf<\/a>\n<\/div>\n<div>\n<p>Z\u00e1m\u011br obce Jen\u00edkov schv\u00e1lit &#8222;Smlouvu o&nbsp;pron\u00e1jmu prostor slou\u017e\u00edc\u00edch k podnik\u00e1n\u00ed se SH \u010cMS SDH Jen\u00edkov&#8220; &#8211; kulturn\u00edho domu v Jen\u00edkov\u011b<\/p>\n<p><\/p>\n<p>Pavel Hladk\u00fd, starosta obce Jen\u00edkov<\/p>\n<\/div>\n","protected":false},"excerpt":{"rendered":"<p>20180827121810987.pdf Z\u00e1m\u011br obce Jen\u00edkov schv\u00e1lit &#8222;Smlouvu o&nbsp;pron\u00e1jmu prostor slou\u017e\u00edc\u00edch k podnik\u00e1n\u00ed se SH \u010cMS SDH Jen\u00edkov&#8220; &#8211; kulturn\u00edho domu v Jen\u00edkov\u011b Pavel Hladk\u00fd, starosta obce Jen\u00edkov<\/p>\n","protected":false},"author":2,"featured_media":0,"comment_status":"closed","ping_status":"closed","sticky":false,"template":"","format":"standard","meta":{"jetpack_post_was_ever_published":false,"_jetpack_newsletter_access":"","_jetpack_dont_email_post_to_subs":false,"_jetpack_newsletter_tier_id":0,"_jetpack_memberships_contains_paywalled_content":false,"_jetpack_memberships_contains_paid_content":false,"footnotes":"","jetpack_publicize_message":"","jetpack_publicize_feature_enabled":true,"jetpack_social_post_already_shared":false,"jetpack_social_options":{"image_generator_settings":{"template":"highway","default_image_id":0,"enabled":false},"version":2}},"categories":[4],"tags":[],"class_list":["post-668","post","type-post","status-publish","format-standard","hentry","category-aktualne","entry"],"jetpack_publicize_connections":[],"jetpack_featured_media_url":"","jetpack_sharing_enabled":true,"jetpack_shortlink":"https:\/\/wp.me\/paBo8P-aM","jetpack-related-posts":[],"post_mailing_queue_ids":[],"_links":{"self":[{"href":"https:\/\/www.obecjenikov.cz\/index.php?rest_route=\/wp\/v2\/posts\/668","targetHints":{"allow":["GET"]}}],"collection":[{"href":"https:\/\/www.obecjenikov.cz\/index.php?rest_route=\/wp\/v2\/posts"}],"about":[{"href":"https:\/\/www.obecjenikov.cz\/index.php?rest_route=\/wp\/v2\/types\/post"}],"author":[{"embeddable":true,"href":"https:\/\/www.obecjenikov.cz\/index.php?rest_route=\/wp\/v2\/users\/2"}],"replies":[{"embeddable":true,"href":"https:\/\/www.obecjenikov.cz\/index.php?rest_route=%2Fwp%2Fv2%2Fcomments&post=668"}],"version-history":[{"count":0,"href":"https:\/\/www.obecjenikov.cz\/index.php?rest_route=\/wp\/v2\/posts\/668\/revisions"}],"wp:attachment":[{"href":"https:\/\/www.obecjenikov.cz\/index.php?rest_route=%2Fwp%2Fv2%2Fmedia&parent=668"}],"wp:term":[{"taxonomy":"category","embeddable":true,"href":"https:\/\/www.obecjenikov.cz\/index.php?rest_route=%2Fwp%2Fv2%2Fcategories&post=668"},{"taxonomy":"post_tag","embeddable":true,"href":"https:\/\/www.obecjenikov.cz\/index.php?rest_route=%2Fwp%2Fv2%2Ftags&post=668"}],"curies":[{"name":"wp","href":"https:\/\/api.w.org\/{rel}","templated":true}]}}