{"id":670,"date":"2018-08-27T10:37:03","date_gmt":"2018-08-27T10:37:03","guid":{"rendered":"http:\/\/www.obec-jenikov.cz\/?p=670"},"modified":"2018-08-27T12:55:17","modified_gmt":"2018-08-27T10:55:17","slug":"fwd-informace-volebnim-stranam-o-poctu-a-sidlech-volebnich-okrsku-pro-volby-do-zastupitelstva-obce-jenikov-a-senatu-parlamentu-cr-konane-5-a-6-rijna-2018","status":"publish","type":"post","link":"https:\/\/www.obecjenikov.cz\/?p=670","title":{"rendered":"Fwd: Informace volebn\u00edm stran\u00e1m o po\u010dtu a s\u00eddlech volebn\u00edch okrsk\u016f pro volby do zastupitelstva obce Jen\u00edkov a Sen\u00e1tu Parlamentu \u010cR konan\u00e9 5. a 6. \u0159\u00edjna 2018"},"content":{"rendered":"<div class=\"postie-attachments\"><a href=\"http:\/\/www.obec-jenikov.cz\/wp-content\/uploads\/2018\/08\/20180821083805872.pdf\"><img src='http:\/\/www.obec-jenikov.cz\/wp-content\/plugins\/postie\/icons\/silver\/pdf-32.png' alt='pdf icon' \/> 20180821083805872.pdf<\/a>\n<\/div>\n<div><\/p>\n<aside> &#8212;&#8212;&#8212;- P\u016fvodn\u00ed e-mail &#8212;&#8212;&#8212;-<br \/> Od: obecni \u00fa\u0159ad Jen\u00edkov &lt;<a href=\"mailto:obec.jenikov@seznam.cz&#038;gt\" >obec.jenikov@seznam.cz&#038;gt<\/a>;<br \/> Komu: <a href=\"mailto:obec.jenikov@seznam.cz\" >obec.jenikov@seznam.cz<\/a><br \/> Datum: 21. 8. 2018 12:59:01<br \/> P\u0159edm\u011bt: Fwd: Informace volebn\u00edm stran\u00e1m o po\u010dtu a s\u00eddlech volebn\u00edch okrsk\u016f pro volby do zastupitelstva obce Jen\u00edkov a Sen\u00e1tu Parlamentu \u010cR konan\u00e9 5. a 6. \u0159\u00edjna 2018 <\/aside>\n<p><\/p>\n<blockquote data-email=\"<a href=\"mailto:obec.jenikov@seznam.cz\" ><p>obec.jenikov@seznam.cz<\/a>&#8222;><\/p>\n<aside> &#8212;&#8212;&#8212;- P\u016fvodn\u00ed e-mail &#8212;&#8212;&#8212;-<br \/> Od: obecni \u00fa\u0159ad Jen\u00edkov &lt;<a href=\"mailto:obec.jenikov@seznam.cz&#038;gt\" >obec.jenikov@seznam.cz&#038;gt<\/a>;<br \/> Komu: <a href=\"mailto:redakce@obec-jenikov.cz\" >redakce@obec-jenikov.cz<\/a><br \/> Datum: 21. 8. 2018 8:56:23<br \/> P\u0159edm\u011bt: Informace volebn\u00edm stran\u00e1m o po\u010dtu a s\u00eddlech volebn\u00edch okrsk\u016f pro volby do zastupitelstva obce Jen\u00edkov a Sen\u00e1tu Parlamentu \u010cR konan\u00e9 5. a 6. \u0159\u00edjna 2018 <\/aside>\n<p><\/p>\n<blockquote data-email=\"<a href=\"mailto:obec.jenikov@seznam.cz\" ><p>obec.jenikov@seznam.cz<\/a>&#8222;>Informace volebn\u00edm stran\u00e1m o po\u010dtu a s\u00eddlech volebn\u00edch okrsk\u016f pro volby do zastupitelstev obce Jen\u00edkov a Sen\u00e1tu Parlamentu \u010cR konan\u00e9 ve dnech 5. a 6. \u0159\u00edjna 2018<\/p><\/blockquote>\n<\/blockquote>\n<\/div>\n","protected":false},"excerpt":{"rendered":"<p>20180821083805872.pdf &#8212;&#8212;&#8212;- P\u016fvodn\u00ed e-mail &#8212;&#8212;&#8212;- Od: obecni \u00fa\u0159ad Jen\u00edkov &lt;obec.jenikov@seznam.cz&#038;gt; Komu: obec.jenikov@seznam.cz Datum: 21. 8. 2018 12:59:01 P\u0159edm\u011bt: Fwd: Informace volebn\u00edm stran\u00e1m o po\u010dtu a s\u00eddlech volebn\u00edch okrsk\u016f pro volby&#8230;<\/p>\n","protected":false},"author":2,"featured_media":0,"comment_status":"closed","ping_status":"closed","sticky":false,"template":"","format":"standard","meta":{"jetpack_post_was_ever_published":false,"_jetpack_newsletter_access":"","_jetpack_dont_email_post_to_subs":false,"_jetpack_newsletter_tier_id":0,"_jetpack_memberships_contains_paywalled_content":false,"_jetpack_memberships_contains_paid_content":false,"footnotes":"","jetpack_publicize_message":"","jetpack_publicize_feature_enabled":true,"jetpack_social_post_already_shared":false,"jetpack_social_options":{"image_generator_settings":{"template":"highway","default_image_id":0,"enabled":false},"version":2}},"categories":[4],"tags":[],"class_list":["post-670","post","type-post","status-publish","format-standard","hentry","category-aktualne","entry"],"jetpack_publicize_connections":[],"jetpack_featured_media_url":"","jetpack_sharing_enabled":true,"jetpack_shortlink":"https:\/\/wp.me\/paBo8P-aO","jetpack-related-posts":[],"post_mailing_queue_ids":[],"_links":{"self":[{"href":"https:\/\/www.obecjenikov.cz\/index.php?rest_route=\/wp\/v2\/posts\/670","targetHints":{"allow":["GET"]}}],"collection":[{"href":"https:\/\/www.obecjenikov.cz\/index.php?rest_route=\/wp\/v2\/posts"}],"about":[{"href":"https:\/\/www.obecjenikov.cz\/index.php?rest_route=\/wp\/v2\/types\/post"}],"author":[{"embeddable":true,"href":"https:\/\/www.obecjenikov.cz\/index.php?rest_route=\/wp\/v2\/users\/2"}],"replies":[{"embeddable":true,"href":"https:\/\/www.obecjenikov.cz\/index.php?rest_route=%2Fwp%2Fv2%2Fcomments&post=670"}],"version-history":[{"count":0,"href":"https:\/\/www.obecjenikov.cz\/index.php?rest_route=\/wp\/v2\/posts\/670\/revisions"}],"wp:attachment":[{"href":"https:\/\/www.obecjenikov.cz\/index.php?rest_route=%2Fwp%2Fv2%2Fmedia&parent=670"}],"wp:term":[{"taxonomy":"category","embeddable":true,"href":"https:\/\/www.obecjenikov.cz\/index.php?rest_route=%2Fwp%2Fv2%2Fcategories&post=670"},{"taxonomy":"post_tag","embeddable":true,"href":"https:\/\/www.obecjenikov.cz\/index.php?rest_route=%2Fwp%2Fv2%2Ftags&post=670"}],"curies":[{"name":"wp","href":"https:\/\/api.w.org\/{rel}","templated":true}]}}