{"id":708,"date":"2018-11-23T17:17:32","date_gmt":"2018-11-23T15:17:32","guid":{"rendered":"http:\/\/www.obec-jenikov.cz\/?p=708"},"modified":"2018-11-23T17:15:57","modified_gmt":"2018-11-23T15:15:57","slug":"rosveceni-vanocniho-stromku","status":"publish","type":"post","link":"https:\/\/www.obecjenikov.cz\/?p=708","title":{"rendered":"ROZSV\u011aCEN\u00cd V\u00c1NO\u010cN\u00cdHO STROMKU"},"content":{"rendered":"<p>Obec Jen\u00edkov a SDH Jen\u00edkov V\u00e1s co nejsrde\u010dn\u011bji zvou na<\/p>\n<p><strong>SLAVNOSTN\u00cd ROZSV\u00cdCEN\u00cd V\u00c1NO<\/strong><strong>\u010c<\/strong><strong>N\u00cdHO STROMU<\/strong><\/p>\n<p>P\u0159ij\u010fte s\u00a0n\u00e1mi spole\u010dn\u011b rozsv\u00edtit v\u00e1no\u010dn\u00ed strom v\u00a0Jen\u00edkov\u011b, za doprovodu zn\u00e1m\u00fdch koled<\/p>\n<p>v\u00a0pod\u00e1n\u00ed Veroniky Krej\u010dov\u00e9, Petra K\u0159emensk\u00e9ho a d\u011bt\u00ed ze Z\u0160 Kameni\u010dky.<\/p>\n<p><strong><u>AKCE SE KON\u00c1 1.12.2018 V\u00a017.00 HODIN<\/u><\/strong><\/p>\n<p><strong><u>P\u0158ED HOSPODOU U HASI\u010cE<\/u><\/strong><\/p>\n<p><a href=\"http:\/\/www.obec-jenikov.cz\/wp-content\/uploads\/2018\/11\/Rozsv\u00edcen\u00ed-v\u00e1no\u010dn\u00edho-stromu-2018-3.pdf\">Rozsv\u00edcen\u00ed v\u00e1no\u010dn\u00edho stromu 2018<\/a><\/p>\n<p><img loading=\"lazy\" decoding=\"async\" data-attachment-id=\"724\" data-permalink=\"https:\/\/www.obecjenikov.cz\/?attachment_id=724\" data-orig-file=\"https:\/\/www.obecjenikov.cz\/wp-content\/uploads\/2018\/11\/stromek-jenikov.png\" data-orig-size=\"1217,859\" data-comments-opened=\"0\" data-image-meta=\"{&quot;aperture&quot;:&quot;0&quot;,&quot;credit&quot;:&quot;&quot;,&quot;camera&quot;:&quot;&quot;,&quot;caption&quot;:&quot;&quot;,&quot;created_timestamp&quot;:&quot;0&quot;,&quot;copyright&quot;:&quot;&quot;,&quot;focal_length&quot;:&quot;0&quot;,&quot;iso&quot;:&quot;0&quot;,&quot;shutter_speed&quot;:&quot;0&quot;,&quot;title&quot;:&quot;&quot;,&quot;orientation&quot;:&quot;0&quot;}\" data-image-title=\"stromek jenikov\" data-image-description=\"\" data-image-caption=\"\" data-medium-file=\"https:\/\/www.obecjenikov.cz\/wp-content\/uploads\/2018\/11\/stromek-jenikov-200x141.png\" data-large-file=\"https:\/\/www.obecjenikov.cz\/wp-content\/uploads\/2018\/11\/stromek-jenikov-1024x723.png\" class=\"alignnone size-medium wp-image-724\" src=\"http:\/\/www.obec-jenikov.cz\/wp-content\/uploads\/2018\/11\/stromek-jenikov-200x141.png\" alt=\"\" width=\"200\" height=\"141\" srcset=\"https:\/\/www.obecjenikov.cz\/wp-content\/uploads\/2018\/11\/stromek-jenikov-200x141.png 200w, https:\/\/www.obecjenikov.cz\/wp-content\/uploads\/2018\/11\/stromek-jenikov-768x542.png 768w, https:\/\/www.obecjenikov.cz\/wp-content\/uploads\/2018\/11\/stromek-jenikov-1024x723.png 1024w, https:\/\/www.obecjenikov.cz\/wp-content\/uploads\/2018\/11\/stromek-jenikov.png 1217w\" sizes=\"auto, (max-width: 200px) 100vw, 200px\" \/><\/p>\n<p align=\"center\"><span style=\"color: #000000; font-family: Calibri;\">Z akce budou po\u0159\u00edzeny fotografie pro webov\u00e9 str\u00e1nky obce Jen\u00edkov, kroniku obce Jen\u00edkov a kroniku SDH Jen\u00edkov.<\/span><\/p>\n<p>&nbsp;<\/p>\n","protected":false},"excerpt":{"rendered":"<p>Obec Jen\u00edkov a SDH Jen\u00edkov V\u00e1s co nejsrde\u010dn\u011bji zvou na SLAVNOSTN\u00cd ROZSV\u00cdCEN\u00cd V\u00c1NO\u010cN\u00cdHO STROMU P\u0159ij\u010fte s\u00a0n\u00e1mi spole\u010dn\u011b rozsv\u00edtit v\u00e1no\u010dn\u00ed strom v\u00a0Jen\u00edkov\u011b, za doprovodu zn\u00e1m\u00fdch koled v\u00a0pod\u00e1n\u00ed Veroniky Krej\u010dov\u00e9, Petra K\u0159emensk\u00e9ho&#8230;<\/p>\n","protected":false},"author":2,"featured_media":0,"comment_status":"closed","ping_status":"closed","sticky":false,"template":"","format":"standard","meta":{"jetpack_post_was_ever_published":false,"_jetpack_newsletter_access":"","_jetpack_dont_email_post_to_subs":false,"_jetpack_newsletter_tier_id":0,"_jetpack_memberships_contains_paywalled_content":false,"_jetpack_memberships_contains_paid_content":false,"footnotes":"","jetpack_publicize_message":"","jetpack_publicize_feature_enabled":true,"jetpack_social_post_already_shared":false,"jetpack_social_options":{"image_generator_settings":{"template":"highway","default_image_id":0,"enabled":false},"version":2}},"categories":[4],"tags":[],"class_list":["post-708","post","type-post","status-publish","format-standard","hentry","category-aktualne","entry"],"jetpack_publicize_connections":[],"jetpack_featured_media_url":"","jetpack_sharing_enabled":true,"jetpack_shortlink":"https:\/\/wp.me\/paBo8P-bq","jetpack-related-posts":[],"post_mailing_queue_ids":[],"_links":{"self":[{"href":"https:\/\/www.obecjenikov.cz\/index.php?rest_route=\/wp\/v2\/posts\/708","targetHints":{"allow":["GET"]}}],"collection":[{"href":"https:\/\/www.obecjenikov.cz\/index.php?rest_route=\/wp\/v2\/posts"}],"about":[{"href":"https:\/\/www.obecjenikov.cz\/index.php?rest_route=\/wp\/v2\/types\/post"}],"author":[{"embeddable":true,"href":"https:\/\/www.obecjenikov.cz\/index.php?rest_route=\/wp\/v2\/users\/2"}],"replies":[{"embeddable":true,"href":"https:\/\/www.obecjenikov.cz\/index.php?rest_route=%2Fwp%2Fv2%2Fcomments&post=708"}],"version-history":[{"count":5,"href":"https:\/\/www.obecjenikov.cz\/index.php?rest_route=\/wp\/v2\/posts\/708\/revisions"}],"predecessor-version":[{"id":725,"href":"https:\/\/www.obecjenikov.cz\/index.php?rest_route=\/wp\/v2\/posts\/708\/revisions\/725"}],"wp:attachment":[{"href":"https:\/\/www.obecjenikov.cz\/index.php?rest_route=%2Fwp%2Fv2%2Fmedia&parent=708"}],"wp:term":[{"taxonomy":"category","embeddable":true,"href":"https:\/\/www.obecjenikov.cz\/index.php?rest_route=%2Fwp%2Fv2%2Fcategories&post=708"},{"taxonomy":"post_tag","embeddable":true,"href":"https:\/\/www.obecjenikov.cz\/index.php?rest_route=%2Fwp%2Fv2%2Ftags&post=708"}],"curies":[{"name":"wp","href":"https:\/\/api.w.org\/{rel}","templated":true}]}}