{"id":798,"date":"2018-12-18T07:35:31","date_gmt":"2018-12-18T06:35:31","guid":{"rendered":"http:\/\/www.obec-jenikov.cz\/?p=798"},"modified":"2018-12-18T07:31:51","modified_gmt":"2018-12-18T06:31:51","slug":"vanocni-koncert-kamenicky","status":"publish","type":"post","link":"https:\/\/www.obecjenikov.cz\/?p=798","title":{"rendered":"V\u00c1NO\u010cN\u00cd KONCERT Kameni\u010dky"},"content":{"rendered":"<p>&nbsp;<\/p>\n<p><i><span style=\"color: #333333; font-family: 'Arial','sans-serif';\">O\u00da Kameni\u010dky a Z\u0160 a M\u0160 Kameni\u010dky <\/span><\/i><\/p>\n<p><span style=\"color: #333333; font-family: 'Arial','sans-serif';\">V\u00e1s srde\u010dn\u011b zvou na<\/span><\/p>\n<p><i><span style=\"color: #333333; font-family: 'Arial','sans-serif';\">V\u00c1NO\u010cN\u00cd KONCERT <\/span><\/i><\/p>\n<p><span style=\"color: #333333; font-family: 'Arial','sans-serif';\">20. 12. 2018 v 17 hodin v kostele Nejsv\u011bt\u011bj\u0161\u00ed Trojice<\/span><\/p>\n<p><span style=\"color: #333333; font-family: 'Arial','sans-serif';\">P\u0159ij\u010fte si spolu s d\u011btmi zazp\u00edvat v\u00e1no\u010dn\u00ed koledy a nas\u00e1t tu spr\u00e1vnou v\u00e1no\u010dn\u00ed atmosf\u00e9ru.<\/span><\/p>\n<p><a href=\"http:\/\/www.obec-jenikov.cz\/wp-content\/uploads\/2018\/12\/Plak\u00e1t-v\u00e1no\u010dn\u00ed-koncert.pdf\">Plak\u00e1t- v\u00e1no\u010dn\u00ed koncert<\/a><\/p>\n<p>&nbsp;<\/p>\n","protected":false},"excerpt":{"rendered":"<p>&nbsp; O\u00da Kameni\u010dky a Z\u0160 a M\u0160 Kameni\u010dky V\u00e1s srde\u010dn\u011b zvou na V\u00c1NO\u010cN\u00cd KONCERT 20. 12. 2018 v 17 hodin v kostele Nejsv\u011bt\u011bj\u0161\u00ed Trojice P\u0159ij\u010fte si spolu s d\u011btmi zazp\u00edvat&#8230;<\/p>\n","protected":false},"author":2,"featured_media":0,"comment_status":"closed","ping_status":"closed","sticky":false,"template":"","format":"standard","meta":{"jetpack_post_was_ever_published":false,"_jetpack_newsletter_access":"","_jetpack_dont_email_post_to_subs":false,"_jetpack_newsletter_tier_id":0,"_jetpack_memberships_contains_paywalled_content":false,"_jetpack_memberships_contains_paid_content":false,"footnotes":"","jetpack_publicize_message":"","jetpack_publicize_feature_enabled":true,"jetpack_social_post_already_shared":false,"jetpack_social_options":{"image_generator_settings":{"template":"highway","default_image_id":0,"enabled":false},"version":2}},"categories":[4],"tags":[],"class_list":["post-798","post","type-post","status-publish","format-standard","hentry","category-aktualne","entry"],"jetpack_publicize_connections":[],"jetpack_featured_media_url":"","jetpack_sharing_enabled":true,"jetpack_shortlink":"https:\/\/wp.me\/paBo8P-cS","jetpack-related-posts":[],"post_mailing_queue_ids":[],"_links":{"self":[{"href":"https:\/\/www.obecjenikov.cz\/index.php?rest_route=\/wp\/v2\/posts\/798","targetHints":{"allow":["GET"]}}],"collection":[{"href":"https:\/\/www.obecjenikov.cz\/index.php?rest_route=\/wp\/v2\/posts"}],"about":[{"href":"https:\/\/www.obecjenikov.cz\/index.php?rest_route=\/wp\/v2\/types\/post"}],"author":[{"embeddable":true,"href":"https:\/\/www.obecjenikov.cz\/index.php?rest_route=\/wp\/v2\/users\/2"}],"replies":[{"embeddable":true,"href":"https:\/\/www.obecjenikov.cz\/index.php?rest_route=%2Fwp%2Fv2%2Fcomments&post=798"}],"version-history":[{"count":1,"href":"https:\/\/www.obecjenikov.cz\/index.php?rest_route=\/wp\/v2\/posts\/798\/revisions"}],"predecessor-version":[{"id":800,"href":"https:\/\/www.obecjenikov.cz\/index.php?rest_route=\/wp\/v2\/posts\/798\/revisions\/800"}],"wp:attachment":[{"href":"https:\/\/www.obecjenikov.cz\/index.php?rest_route=%2Fwp%2Fv2%2Fmedia&parent=798"}],"wp:term":[{"taxonomy":"category","embeddable":true,"href":"https:\/\/www.obecjenikov.cz\/index.php?rest_route=%2Fwp%2Fv2%2Fcategories&post=798"},{"taxonomy":"post_tag","embeddable":true,"href":"https:\/\/www.obecjenikov.cz\/index.php?rest_route=%2Fwp%2Fv2%2Ftags&post=798"}],"curies":[{"name":"wp","href":"https:\/\/api.w.org\/{rel}","templated":true}]}}