{"id":934,"date":"2019-01-31T13:53:16","date_gmt":"2019-01-31T12:53:16","guid":{"rendered":"http:\/\/www.obec-jenikov.cz\/?p=934"},"modified":"2019-01-31T13:53:29","modified_gmt":"2019-01-31T12:53:29","slug":"detske-predstaveni","status":"publish","type":"post","link":"https:\/\/www.obecjenikov.cz\/?p=934","title":{"rendered":"D\u011btsk\u00e9 p\u0159edstaven\u00ed"},"content":{"rendered":"\n<p>O\u00da Jen\u00edkov a Z\u0160 a M\u0160 Kameni\u010dky V\u00e1s srde\u010dn\u011b zvou  na tematick\u00e9 p\u0159edstaven\u00ed k v\u00fdro\u010d\u00ed republiky.\u00a0 V ned\u011bli 10. \u00fanora 2019 od 14.00 Kulturn\u00ed d\u016fm Jen\u00edkov <\/p>\n\n\n\n<div class=\"wp-block-file\"><a href=\"http:\/\/www.obec-jenikov.cz\/wp-content\/uploads\/2019\/01\/Divadlo-10.2.2019.pdf\">Divadlo 10.2.2019<\/a><a href=\"http:\/\/www.obec-jenikov.cz\/wp-content\/uploads\/2019\/01\/Divadlo-10.2.2019.pdf\" class=\"wp-block-file__button\" download>St\u00e1hnout<\/a><\/div>\n\n\n\n<figure class=\"wp-block-image\"><img loading=\"lazy\" decoding=\"async\" width=\"374\" height=\"318\" data-attachment-id=\"936\" data-permalink=\"https:\/\/www.obecjenikov.cz\/?attachment_id=936\" data-orig-file=\"https:\/\/www.obecjenikov.cz\/wp-content\/uploads\/2019\/01\/Divadlo-10.2.2019.jpg\" data-orig-size=\"374,318\" data-comments-opened=\"0\" data-image-meta=\"{&quot;aperture&quot;:&quot;0&quot;,&quot;credit&quot;:&quot;&quot;,&quot;camera&quot;:&quot;&quot;,&quot;caption&quot;:&quot;&quot;,&quot;created_timestamp&quot;:&quot;0&quot;,&quot;copyright&quot;:&quot;&quot;,&quot;focal_length&quot;:&quot;0&quot;,&quot;iso&quot;:&quot;0&quot;,&quot;shutter_speed&quot;:&quot;0&quot;,&quot;title&quot;:&quot;&quot;,&quot;orientation&quot;:&quot;0&quot;}\" data-image-title=\"Divadlo 10.2.2019\" data-image-description=\"\" data-image-caption=\"\" data-medium-file=\"https:\/\/www.obecjenikov.cz\/wp-content\/uploads\/2019\/01\/Divadlo-10.2.2019-176x150.jpg\" data-large-file=\"https:\/\/www.obecjenikov.cz\/wp-content\/uploads\/2019\/01\/Divadlo-10.2.2019.jpg\" src=\"http:\/\/www.obec-jenikov.cz\/wp-content\/uploads\/2019\/01\/Divadlo-10.2.2019.jpg\" alt=\"\" class=\"wp-image-936\" srcset=\"https:\/\/www.obecjenikov.cz\/wp-content\/uploads\/2019\/01\/Divadlo-10.2.2019.jpg 374w, https:\/\/www.obecjenikov.cz\/wp-content\/uploads\/2019\/01\/Divadlo-10.2.2019-176x150.jpg 176w\" sizes=\"auto, (max-width: 374px) 100vw, 374px\" \/><\/figure>\n","protected":false},"excerpt":{"rendered":"<p>O\u00da Jen\u00edkov a Z\u0160 a M\u0160 Kameni\u010dky V\u00e1s srde\u010dn\u011b zvou na tematick\u00e9 p\u0159edstaven\u00ed k v\u00fdro\u010d\u00ed republiky.\u00a0 V ned\u011bli 10. \u00fanora 2019 od 14.00 Kulturn\u00ed d\u016fm Jen\u00edkov<\/p>\n","protected":false},"author":2,"featured_media":0,"comment_status":"closed","ping_status":"closed","sticky":false,"template":"","format":"standard","meta":{"jetpack_post_was_ever_published":false,"_jetpack_newsletter_access":"","_jetpack_dont_email_post_to_subs":false,"_jetpack_newsletter_tier_id":0,"_jetpack_memberships_contains_paywalled_content":false,"_jetpack_memberships_contains_paid_content":false,"footnotes":"","jetpack_publicize_message":"","jetpack_publicize_feature_enabled":true,"jetpack_social_post_already_shared":true,"jetpack_social_options":{"image_generator_settings":{"template":"highway","default_image_id":0,"enabled":false},"version":2}},"categories":[4],"tags":[],"class_list":["post-934","post","type-post","status-publish","format-standard","hentry","category-aktualne","entry"],"jetpack_publicize_connections":[],"jetpack_featured_media_url":"","jetpack_sharing_enabled":true,"jetpack_shortlink":"https:\/\/wp.me\/paBo8P-f4","jetpack-related-posts":[],"post_mailing_queue_ids":[],"_links":{"self":[{"href":"https:\/\/www.obecjenikov.cz\/index.php?rest_route=\/wp\/v2\/posts\/934","targetHints":{"allow":["GET"]}}],"collection":[{"href":"https:\/\/www.obecjenikov.cz\/index.php?rest_route=\/wp\/v2\/posts"}],"about":[{"href":"https:\/\/www.obecjenikov.cz\/index.php?rest_route=\/wp\/v2\/types\/post"}],"author":[{"embeddable":true,"href":"https:\/\/www.obecjenikov.cz\/index.php?rest_route=\/wp\/v2\/users\/2"}],"replies":[{"embeddable":true,"href":"https:\/\/www.obecjenikov.cz\/index.php?rest_route=%2Fwp%2Fv2%2Fcomments&post=934"}],"version-history":[{"count":2,"href":"https:\/\/www.obecjenikov.cz\/index.php?rest_route=\/wp\/v2\/posts\/934\/revisions"}],"predecessor-version":[{"id":938,"href":"https:\/\/www.obecjenikov.cz\/index.php?rest_route=\/wp\/v2\/posts\/934\/revisions\/938"}],"wp:attachment":[{"href":"https:\/\/www.obecjenikov.cz\/index.php?rest_route=%2Fwp%2Fv2%2Fmedia&parent=934"}],"wp:term":[{"taxonomy":"category","embeddable":true,"href":"https:\/\/www.obecjenikov.cz\/index.php?rest_route=%2Fwp%2Fv2%2Fcategories&post=934"},{"taxonomy":"post_tag","embeddable":true,"href":"https:\/\/www.obecjenikov.cz\/index.php?rest_route=%2Fwp%2Fv2%2Ftags&post=934"}],"curies":[{"name":"wp","href":"https:\/\/api.w.org\/{rel}","templated":true}]}}