{"id":962,"date":"2019-02-15T14:05:08","date_gmt":"2019-02-15T13:05:08","guid":{"rendered":"http:\/\/www.obec-jenikov.cz\/?p=962"},"modified":"2019-02-15T14:06:25","modified_gmt":"2019-02-15T13:06:25","slug":"detsky-karneval","status":"publish","type":"post","link":"https:\/\/www.obecjenikov.cz\/?p=962","title":{"rendered":"D\u011aTSK\u00dd KARNEVAL"},"content":{"rendered":"\n<p>Sbor dobrovoln\u00fdch hasi\u010d\u016f Jen\u00edkov, si V\u00e1s dovoluje pozvat na D\u011aTSK\u00dd KARNEVAL, kter\u00fd se kon\u00e1 v ned\u011bli  17. \u00fanora 2019  od 13.00 hodin v Hospod\u011b U Hasi\u010de. Hudba, z\u00e1bava i ob\u010derstven\u00ed zaji\u0161t\u011bno! <\/p>\n\n\n\n<figure class=\"wp-block-image\"><img loading=\"lazy\" decoding=\"async\" width=\"1149\" height=\"869\" data-attachment-id=\"963\" data-permalink=\"https:\/\/www.obecjenikov.cz\/?attachment_id=963\" data-orig-file=\"https:\/\/www.obecjenikov.cz\/wp-content\/uploads\/2019\/02\/D\u011btsk\u00fd-karneval.jpg\" data-orig-size=\"1149,869\" data-comments-opened=\"0\" data-image-meta=\"{&quot;aperture&quot;:&quot;0&quot;,&quot;credit&quot;:&quot;&quot;,&quot;camera&quot;:&quot;&quot;,&quot;caption&quot;:&quot;&quot;,&quot;created_timestamp&quot;:&quot;0&quot;,&quot;copyright&quot;:&quot;&quot;,&quot;focal_length&quot;:&quot;0&quot;,&quot;iso&quot;:&quot;0&quot;,&quot;shutter_speed&quot;:&quot;0&quot;,&quot;title&quot;:&quot;&quot;,&quot;orientation&quot;:&quot;0&quot;}\" data-image-title=\"D\u011btsk\u00fd karneval\" data-image-description=\"\" data-image-caption=\"\" data-medium-file=\"https:\/\/www.obecjenikov.cz\/wp-content\/uploads\/2019\/02\/D\u011btsk\u00fd-karneval-198x150.jpg\" data-large-file=\"https:\/\/www.obecjenikov.cz\/wp-content\/uploads\/2019\/02\/D\u011btsk\u00fd-karneval-1024x774.jpg\" src=\"https:\/\/i1.wp.com\/www.obec-jenikov.cz\/wp-content\/uploads\/2019\/02\/D\u011btsk\u00fd-karneval.jpg?fit=1024%2C774\" alt=\"\" class=\"wp-image-963\" srcset=\"https:\/\/www.obecjenikov.cz\/wp-content\/uploads\/2019\/02\/D\u011btsk\u00fd-karneval.jpg 1149w, https:\/\/www.obecjenikov.cz\/wp-content\/uploads\/2019\/02\/D\u011btsk\u00fd-karneval-200x150.jpg 200w, https:\/\/www.obecjenikov.cz\/wp-content\/uploads\/2019\/02\/D\u011btsk\u00fd-karneval-198x150.jpg 198w, https:\/\/www.obecjenikov.cz\/wp-content\/uploads\/2019\/02\/D\u011btsk\u00fd-karneval-768x581.jpg 768w, https:\/\/www.obecjenikov.cz\/wp-content\/uploads\/2019\/02\/D\u011btsk\u00fd-karneval-1024x774.jpg 1024w, https:\/\/www.obecjenikov.cz\/wp-content\/uploads\/2019\/02\/D\u011btsk\u00fd-karneval-640x484.jpg 640w\" sizes=\"auto, (max-width: 1149px) 100vw, 1149px\" \/><\/figure>\n","protected":false},"excerpt":{"rendered":"<p>Sbor dobrovoln\u00fdch hasi\u010d\u016f Jen\u00edkov, si V\u00e1s dovoluje pozvat na D\u011aTSK\u00dd KARNEVAL, kter\u00fd se kon\u00e1 v ned\u011bli 17. \u00fanora 2019 od 13.00 hodin v Hospod\u011b U Hasi\u010de. Hudba, z\u00e1bava i ob\u010derstven\u00ed&#8230;<\/p>\n","protected":false},"author":2,"featured_media":0,"comment_status":"closed","ping_status":"closed","sticky":false,"template":"","format":"standard","meta":{"jetpack_post_was_ever_published":false,"_jetpack_newsletter_access":"","_jetpack_dont_email_post_to_subs":false,"_jetpack_newsletter_tier_id":0,"_jetpack_memberships_contains_paywalled_content":false,"_jetpack_memberships_contains_paid_content":false,"footnotes":"","jetpack_publicize_message":"","jetpack_publicize_feature_enabled":true,"jetpack_social_post_already_shared":true,"jetpack_social_options":{"image_generator_settings":{"template":"highway","default_image_id":0,"enabled":false},"version":2}},"categories":[4],"tags":[],"class_list":["post-962","post","type-post","status-publish","format-standard","hentry","category-aktualne","entry"],"jetpack_publicize_connections":[],"jetpack_featured_media_url":"","jetpack_sharing_enabled":true,"jetpack_shortlink":"https:\/\/wp.me\/paBo8P-fw","jetpack-related-posts":[],"post_mailing_queue_ids":[],"_links":{"self":[{"href":"https:\/\/www.obecjenikov.cz\/index.php?rest_route=\/wp\/v2\/posts\/962","targetHints":{"allow":["GET"]}}],"collection":[{"href":"https:\/\/www.obecjenikov.cz\/index.php?rest_route=\/wp\/v2\/posts"}],"about":[{"href":"https:\/\/www.obecjenikov.cz\/index.php?rest_route=\/wp\/v2\/types\/post"}],"author":[{"embeddable":true,"href":"https:\/\/www.obecjenikov.cz\/index.php?rest_route=\/wp\/v2\/users\/2"}],"replies":[{"embeddable":true,"href":"https:\/\/www.obecjenikov.cz\/index.php?rest_route=%2Fwp%2Fv2%2Fcomments&post=962"}],"version-history":[{"count":1,"href":"https:\/\/www.obecjenikov.cz\/index.php?rest_route=\/wp\/v2\/posts\/962\/revisions"}],"predecessor-version":[{"id":966,"href":"https:\/\/www.obecjenikov.cz\/index.php?rest_route=\/wp\/v2\/posts\/962\/revisions\/966"}],"wp:attachment":[{"href":"https:\/\/www.obecjenikov.cz\/index.php?rest_route=%2Fwp%2Fv2%2Fmedia&parent=962"}],"wp:term":[{"taxonomy":"category","embeddable":true,"href":"https:\/\/www.obecjenikov.cz\/index.php?rest_route=%2Fwp%2Fv2%2Fcategories&post=962"},{"taxonomy":"post_tag","embeddable":true,"href":"https:\/\/www.obecjenikov.cz\/index.php?rest_route=%2Fwp%2Fv2%2Ftags&post=962"}],"curies":[{"name":"wp","href":"https:\/\/api.w.org\/{rel}","templated":true}]}}